{"id":4267,"date":"2025-12-02T11:21:50","date_gmt":"2025-12-02T14:21:50","guid":{"rendered":"https:\/\/conscuritiba.esteri.it\/?p=4267"},"modified":"2025-12-02T11:40:02","modified_gmt":"2025-12-02T14:40:02","slug":"inaugurazione-della-x-settimana-della-cucina-italiana-nel-mondo","status":"publish","type":"post","link":"https:\/\/conscuritiba.esteri.it\/it\/news\/dal_consolato\/2025\/12\/inaugurazione-della-x-settimana-della-cucina-italiana-nel-mondo\/","title":{"rendered":"Inaugurazione della X Settimana della Cucina Italiana nel Mondo"},"content":{"rendered":"<p>Mercoled\u00ec 26 novembre 2025, il supermercato Festval del quartiere Juvev\u00ea a Curitiba ha ospitato la cerimonia di inaugurazione della X Settimana della Cucina Italiana nel Mondo.<\/p>\n<p><img loading=\"lazy\" decoding=\"async\" class=\" img-fluid alignnone wp-image-4268 size-large\" src=\"https:\/\/conscuritiba.esteri.it\/wp-content\/uploads\/2025\/12\/Foto-1-819x1024.jpg\" alt=\"\" width=\"640\" height=\"800\" srcset=\"https:\/\/conscuritiba.esteri.it\/wp-content\/uploads\/2025\/12\/Foto-1-819x1024.jpg 819w, https:\/\/conscuritiba.esteri.it\/wp-content\/uploads\/2025\/12\/Foto-1-240x300.jpg 240w, https:\/\/conscuritiba.esteri.it\/wp-content\/uploads\/2025\/12\/Foto-1-768x960.jpg 768w, https:\/\/conscuritiba.esteri.it\/wp-content\/uploads\/2025\/12\/Foto-1.jpg 1024w\" sizes=\"auto, (max-width: 640px) 100vw, 640px\" \/><\/p>\n<p style=\"text-align: justify;\">Lanciata dal Ministero degli Affari Esteri e della Cooperazione Internazionale nel 2016, la rassegna celebra annualmente l\u2019eccellenza della tradizione eno-gastronomica italiana attraverso un ricco programma di eventi organizzati dalla rete diplomatico-consolare in collaborazione con istituzioni, enti e partner del settore pubblico e privato in oltre cento paesi del mondo.<\/p>\n<p><img loading=\"lazy\" decoding=\"async\" class=\"img-fluid alignnone wp-image-4269 size-large\" src=\"https:\/\/conscuritiba.esteri.it\/wp-content\/uploads\/2025\/12\/Foto-2-819x1024.jpg\" alt=\"\" width=\"640\" height=\"800\" srcset=\"https:\/\/conscuritiba.esteri.it\/wp-content\/uploads\/2025\/12\/Foto-2-819x1024.jpg 819w, https:\/\/conscuritiba.esteri.it\/wp-content\/uploads\/2025\/12\/Foto-2-240x300.jpg 240w, https:\/\/conscuritiba.esteri.it\/wp-content\/uploads\/2025\/12\/Foto-2-768x960.jpg 768w, https:\/\/conscuritiba.esteri.it\/wp-content\/uploads\/2025\/12\/Foto-2.jpg 1024w\" sizes=\"auto, (max-width: 640px) 100vw, 640px\" \/><\/p>\n<p style=\"text-align: justify;\">Per il 2025, il tema scelto \u00e8 &#8220;La Cucina Italiana tra Salute, Cultura e Innovazione&#8221;. Questa edizione punta a promuovere attivamente modelli alimentari pi\u00f9 sani, equilibrati e sostenibili, riscoprendo il valore degli ingredienti freschi, locali e stagionali. La manifestazione vuole anche essere una vetrina per l&#8217;innovazione e la ricerca scientifica che animano il settore agroalimentare italiano, dalla terra alla tavola, con un occhio di riguardo alla qualit\u00e0 del prodotto e alla sostenibilit\u00e0 ambientale.<\/p>\n<p><img loading=\"lazy\" decoding=\"async\" class=\"img-fluid alignnone wp-image-4272 size-large\" src=\"https:\/\/conscuritiba.esteri.it\/wp-content\/uploads\/2025\/12\/Foto-3-819x1024.jpg\" alt=\"\" width=\"640\" height=\"800\" srcset=\"https:\/\/conscuritiba.esteri.it\/wp-content\/uploads\/2025\/12\/Foto-3-819x1024.jpg 819w, https:\/\/conscuritiba.esteri.it\/wp-content\/uploads\/2025\/12\/Foto-3-240x300.jpg 240w, https:\/\/conscuritiba.esteri.it\/wp-content\/uploads\/2025\/12\/Foto-3-768x960.jpg 768w, https:\/\/conscuritiba.esteri.it\/wp-content\/uploads\/2025\/12\/Foto-3.jpg 1024w\" sizes=\"auto, (max-width: 640px) 100vw, 640px\" \/><\/p>\n<p style=\"text-align: justify;\">Durante il suo saluto, il Reggente del Consolato Generale a Curitiba, Angelo Sirico, ha messo in luce come la cucina italiana sia molto pi\u00f9 che cibo: \u00e8 un&#8217;autentica espressione di identit\u00e0 nazionale, storia e stile di vita, un valore oggi riconosciuto anche dalla candidatura a Patrimonio Culturale Immateriale dell&#8217;UNESCO.<\/p>\n<p><img loading=\"lazy\" decoding=\"async\" class=\"img-fluid alignnone wp-image-4275 size-large\" src=\"https:\/\/conscuritiba.esteri.it\/wp-content\/uploads\/2025\/12\/Foto-4-1024x680.jpg\" alt=\"\" width=\"640\" height=\"425\" srcset=\"https:\/\/conscuritiba.esteri.it\/wp-content\/uploads\/2025\/12\/Foto-4-1024x680.jpg 1024w, https:\/\/conscuritiba.esteri.it\/wp-content\/uploads\/2025\/12\/Foto-4-300x199.jpg 300w, https:\/\/conscuritiba.esteri.it\/wp-content\/uploads\/2025\/12\/Foto-4-768x510.jpg 768w, https:\/\/conscuritiba.esteri.it\/wp-content\/uploads\/2025\/12\/Foto-4.jpg 1080w\" sizes=\"auto, (max-width: 640px) 100vw, 640px\" \/><\/p>\n<p style=\"text-align: justify;\">Sirico ha inoltre ricordato gli ottimi numeri dell\u2019export agroalimentare italiano, che nel 2024 ha sfiorato i 70 miliardi di euro, secondo i dati \u201cColdiretti\u201d. Il rappresentante del Consolato Generale ha proseguito affermando che tale esito, convalida il forte richiamo del Made in Italy sui mercati esteri, consolidandone la reputazione di eccellenza qualitativa e avanguardia innovativa.<\/p>\n<p><img loading=\"lazy\" decoding=\"async\" class=\"img-fluid alignnone wp-image-4276 size-large\" src=\"https:\/\/conscuritiba.esteri.it\/wp-content\/uploads\/2025\/12\/Foto-5-1024x683.jpg\" alt=\"\" width=\"640\" height=\"427\" srcset=\"https:\/\/conscuritiba.esteri.it\/wp-content\/uploads\/2025\/12\/Foto-5-1024x683.jpg 1024w, https:\/\/conscuritiba.esteri.it\/wp-content\/uploads\/2025\/12\/Foto-5-300x200.jpg 300w, https:\/\/conscuritiba.esteri.it\/wp-content\/uploads\/2025\/12\/Foto-5-768x512.jpg 768w, https:\/\/conscuritiba.esteri.it\/wp-content\/uploads\/2025\/12\/Foto-5.jpg 1079w\" sizes=\"auto, (max-width: 640px) 100vw, 640px\" \/><\/p>\n<p style=\"text-align: justify;\">Successivamente \u00e8 stato presentato il programma ufficiale della rassegna, realizzato in sinergia con i partner del Consolato, a un pubblico eterogeneo composto da autorit\u00e0 locali, operatori del F&amp;B, rappresentanti della societ\u00e0 civile a Curitiba e amanti della cucina italiana. La manifestazione di quest&#8217;anno prevede un ricco calendario di iniziative promozionali sia nello stato del Paran\u00e1 che in quello di Santa Catarina, tra cui degustazioni guidate e men\u00f9 tematici. Tra i partner di spicco figura il ristorante universitario dell&#8217;UFPR, che ha ideato un men\u00f9 speciale per celebrare la tradizione italiana, evidenziando cos\u00ec il fine scientifico e divulgativo dell&#8217;evento e l&#8217;importanza di inculcare nelle nuove generazioni i valori fondamentali del mangiar bene: qualit\u00e0, benessere e convivialit\u00e0.<\/p>\n<p><img loading=\"lazy\" decoding=\"async\" class=\"img-fluid alignnone wp-image-4279 size-large\" src=\"https:\/\/conscuritiba.esteri.it\/wp-content\/uploads\/2025\/12\/Foto-6-1024x875.jpg\" alt=\"\" width=\"640\" height=\"547\" srcset=\"https:\/\/conscuritiba.esteri.it\/wp-content\/uploads\/2025\/12\/Foto-6-1024x875.jpg 1024w, https:\/\/conscuritiba.esteri.it\/wp-content\/uploads\/2025\/12\/Foto-6-300x256.jpg 300w, https:\/\/conscuritiba.esteri.it\/wp-content\/uploads\/2025\/12\/Foto-6-768x656.jpg 768w, https:\/\/conscuritiba.esteri.it\/wp-content\/uploads\/2025\/12\/Foto-6.jpg 1080w\" sizes=\"auto, (max-width: 640px) 100vw, 640px\" \/><\/p>\n<p style=\"text-align: justify;\">L&#8217;evento ha preso il via con un brindisi che ha dato il benvenuto alla Settimana della Cucina 2025. Subito dopo, in un ambiente che univa l&#8217;eleganza alla cordialit\u00e0, i presenti hanno potuto esplorare un vasto assortimento di prelibatezze italiane, sapientemente accompagnate da una curata selezione di bevande tipiche del Paese.<\/p>\n","protected":false},"excerpt":{"rendered":"Mercoled\u00ec 26 novembre 2025, il supermercato Festval del quartiere Juvev\u00ea a Curitiba ha ospitato la cerimonia di inaugurazione della X Settimana della Cucina Italiana nel Mondo. Lanciata dal Ministero degli Affari Esteri e della Cooperazione Internazionale nel 2016, la rassegna celebra annualmente l\u2019eccellenza della tradizione eno-gastronomica italiana attraverso un ricco programma di eventi organizzati dalla [&hellip;]","protected":false},"author":11,"featured_media":4281,"comment_status":"closed","ping_status":"closed","sticky":false,"template":"","format":"standard","meta":{"footnotes":""},"tags":[],"class_list":["post-4267","post","type-post","status-publish","format-standard","has-post-thumbnail","hentry"],"_links":{"self":[{"href":"https:\/\/conscuritiba.esteri.it\/it\/wp-json\/wp\/v2\/posts\/4267","targetHints":{"allow":["GET"]}}],"collection":[{"href":"https:\/\/conscuritiba.esteri.it\/it\/wp-json\/wp\/v2\/posts"}],"about":[{"href":"https:\/\/conscuritiba.esteri.it\/it\/wp-json\/wp\/v2\/types\/post"}],"author":[{"embeddable":true,"href":"https:\/\/conscuritiba.esteri.it\/it\/wp-json\/wp\/v2\/users\/11"}],"replies":[{"embeddable":true,"href":"https:\/\/conscuritiba.esteri.it\/it\/wp-json\/wp\/v2\/comments?post=4267"}],"version-history":[{"count":3,"href":"https:\/\/conscuritiba.esteri.it\/it\/wp-json\/wp\/v2\/posts\/4267\/revisions"}],"predecessor-version":[{"id":4287,"href":"https:\/\/conscuritiba.esteri.it\/it\/wp-json\/wp\/v2\/posts\/4267\/revisions\/4287"}],"wp:featuredmedia":[{"embeddable":true,"href":"https:\/\/conscuritiba.esteri.it\/it\/wp-json\/wp\/v2\/media\/4281"}],"wp:attachment":[{"href":"https:\/\/conscuritiba.esteri.it\/it\/wp-json\/wp\/v2\/media?parent=4267"}],"wp:term":[{"taxonomy":"post_tag","embeddable":true,"href":"https:\/\/conscuritiba.esteri.it\/it\/wp-json\/wp\/v2\/tags?post=4267"}],"curies":[{"name":"wp","href":"https:\/\/api.w.org\/{rel}","templated":true}]}}