{"id":4823,"date":"2026-04-24T12:07:21","date_gmt":"2026-04-24T15:07:21","guid":{"rendered":"https:\/\/conscuritiba.esteri.it\/?p=4823"},"modified":"2026-04-24T12:11:00","modified_gmt":"2026-04-24T15:11:00","slug":"invest-your-talent-in-italy-bando-2026-2027","status":"publish","type":"post","link":"https:\/\/conscuritiba.esteri.it\/pt\/news\/dal_consolato\/2026\/04\/invest-your-talent-in-italy-bando-2026-2027\/","title":{"rendered":"Invest Your Talent in Italy \u2013 bando 2026\/2027"},"content":{"rendered":"<p data-start=\"1129\" data-end=\"1404\">Est\u00e1 aberto o edital para o ano acad\u00eamico 2026\u20132027 do programa\u00a0<span class=\"hover:entity-accent entity-underline inline cursor-pointer align-baseline\"><span class=\"whitespace-normal\">Invest Your Talent in Italy<\/span><\/span>, iniciativa promovida pelo Minist\u00e9rio das Rela\u00e7\u00f5es Exteriores e Coopera\u00e7\u00e3o Internacional da It\u00e1lia com o objetivo de atrair estudantes internacionais altamente qualificados.<\/p>\n<p data-start=\"1406\" data-end=\"1639\">O programa \u00e9 destinado a candidatos provenientes de 23 pa\u00edses priorit\u00e1rios e oferece a oportunidade de cursar mestrado ou especializa\u00e7\u00e3o em universidades italianas nas \u00e1reas de Engenharia, Arquitetura e Design, Economia e Management.<\/p>\n<p data-start=\"1641\" data-end=\"1885\">Al\u00e9m da forma\u00e7\u00e3o acad\u00eamica, os participantes poder\u00e3o realizar est\u00e1gios em empresas italianas, promovendo a integra\u00e7\u00e3o entre universidade e mercado de trabalho, bem como o desenvolvimento de compet\u00eancias profissionais em ambientes de excel\u00eancia.<\/p>\n<p data-start=\"1887\" data-end=\"1944\">O prazo para envio das candidaturas \u00e9 11 de maio de 2026.<\/p>\n<p data-start=\"1946\" data-end=\"2113\" data-is-last-node=\"\" data-is-only-node=\"\">Para acessar o edital completo, verificar os requisitos e enviar a candidatura, consulte o portal oficial do programa:<br data-start=\"2064\" data-end=\"2067\" \/><a class=\"decorated-link\" href=\"https:\/\/investyourtalentapplication.esteri.it\/\" target=\"_new\" rel=\"noopener\" data-start=\"2067\" data-end=\"2113\" data-is-last-node=\"\">https:\/\/investyourtalentapplication.esteri.it\/<\/a><\/p>\n","protected":false},"excerpt":{"rendered":"Est\u00e1 aberto o edital para o ano acad\u00eamico 2026\u20132027 do programa\u00a0Invest Your Talent in Italy, iniciativa promovida pelo Minist\u00e9rio das Rela\u00e7\u00f5es Exteriores e Coopera\u00e7\u00e3o Internacional da It\u00e1lia com o objetivo de atrair estudantes internacionais altamente qualificados. O programa \u00e9 destinado a candidatos provenientes de 23 pa\u00edses priorit\u00e1rios e oferece a oportunidade de cursar mestrado ou [&hellip;]","protected":false},"author":11,"featured_media":4817,"comment_status":"closed","ping_status":"closed","sticky":false,"template":"","format":"standard","meta":{"footnotes":""},"tags":[],"class_list":["post-4823","post","type-post","status-publish","format-standard","has-post-thumbnail","hentry"],"_links":{"self":[{"href":"https:\/\/conscuritiba.esteri.it\/pt\/wp-json\/wp\/v2\/posts\/4823","targetHints":{"allow":["GET"]}}],"collection":[{"href":"https:\/\/conscuritiba.esteri.it\/pt\/wp-json\/wp\/v2\/posts"}],"about":[{"href":"https:\/\/conscuritiba.esteri.it\/pt\/wp-json\/wp\/v2\/types\/post"}],"author":[{"embeddable":true,"href":"https:\/\/conscuritiba.esteri.it\/pt\/wp-json\/wp\/v2\/users\/11"}],"replies":[{"embeddable":true,"href":"https:\/\/conscuritiba.esteri.it\/pt\/wp-json\/wp\/v2\/comments?post=4823"}],"version-history":[{"count":1,"href":"https:\/\/conscuritiba.esteri.it\/pt\/wp-json\/wp\/v2\/posts\/4823\/revisions"}],"predecessor-version":[{"id":4824,"href":"https:\/\/conscuritiba.esteri.it\/pt\/wp-json\/wp\/v2\/posts\/4823\/revisions\/4824"}],"wp:featuredmedia":[{"embeddable":true,"href":"https:\/\/conscuritiba.esteri.it\/pt\/wp-json\/wp\/v2\/media\/4817"}],"wp:attachment":[{"href":"https:\/\/conscuritiba.esteri.it\/pt\/wp-json\/wp\/v2\/media?parent=4823"}],"wp:term":[{"taxonomy":"post_tag","embeddable":true,"href":"https:\/\/conscuritiba.esteri.it\/pt\/wp-json\/wp\/v2\/tags?post=4823"}],"curies":[{"name":"wp","href":"https:\/\/api.w.org\/{rel}","templated":true}]}}